{"id":111,"date":"2009-01-06T11:59:08","date_gmt":"2009-01-06T09:59:08","guid":{"rendered":"http:\/\/gcolpart.evolix.net\/blog21\/?p=111"},"modified":"2009-02-02T04:35:48","modified_gmt":"2009-02-02T02:35:48","slug":"la-crise-quelle-crise","status":"publish","type":"post","link":"https:\/\/gcolpart.evolix.net\/blog21\/la-crise-quelle-crise\/","title":{"rendered":"La crise ? Quelle crise ?"},"content":{"rendered":"<p>Depuis plusieurs semaines, on a assist\u00e9 \u00e0 une d\u00e9ferlante m\u00e9diatique \u00e0 propos de la crise. \u00c0 tel point qu&#8217;un grand nombre de fran\u00e7ais a d\u00e9sormais pris l&#8217;habitude de mentionner cette fameuse crise \u00e0 tout bout de champ : &#8220;\u00e0 cause de la crise&#8221;, &#8220;malgr\u00e9 la crise&#8221;, etc. Or, il faut vraiment souligner que l&#8217;origine de cette crise est boursi\u00e8re. Je me permets de rappeler ce qu&#8217;est la bourse (en tous cas, ce que j&#8217;en ai compris) : c&#8217;est un lieu d&#8217;\u00e9change de titres qui sont des estimations virtuelles de la valeur d&#8217;une entreprise. Et ces estimations fluctuent chaque jour en fonction d&#8217;\u00e9lements divers : annonces de r\u00e9sultats, rumeurs, situations g\u00e9opolitiques, m\u00e9t\u00e9o, etc. Bref, une somme d&#8217;\u00e9lements qui laisse une bonne part d&#8217;interpr\u00e9tations, voire de hasard, et souvent annonc\u00e9s par les m\u00e9dias. C&#8217;est donc un cercle vicieux : \u00e0 partir du moment o\u00f9 l&#8217;on m\u00e9diatise les \u00e9v\u00e8nements boursiers&#8230; qui d\u00e9pendent fortement des m\u00e9dias. Et l&#8217;on est en plein dans ce cercle vicieux. L&#8217;\u00e9l\u00e9ment d\u00e9clencheur, l&#8217;\u00e9croulement d&#8217;un ch\u00e2teau de cartes faites de paris am\u00e9ricains trop risqu\u00e9s, est bien loin. Les bourses se trouvent d\u00e9pendantes du contexte m\u00e9diatique morose, et peinent \u00e0 rebondir v\u00e9ritablement. Mais pire, les cons\u00e9quences vont au-del\u00e0 de la bourse, les acteurs \u00e9conomiques ralentissent leurs investissements en fonction de ce contexte&#8230; ce qui influe directement sur tout le syst\u00e8me \u00e9conomique : les fournisseurs et sous-traitants se trouvent \u00e9galement ralentis, cela d\u00e9bouche sur moins d&#8217;embauches, voir des licenciement et des fermetures. Impact\u00e9s ou non, les citoyens adoptent un comportement similaire, et l&#8217;\u00e9conomie dans son ensemble menace d&#8217;\u00eatre ralentie.<\/p>\n<p><strong>Plus l&#8217;on parle de la crise, plus elle progresse. Anticiper la crise, c&#8217;est l&#8217;acc\u00e9l\u00e9rer.<\/strong><\/p>\n<p>En cons\u00e9quence, il est du devoir des acteurs \u00e9conomiques et de chacun d&#8217;adopter un comportement pragmatique : il ne s&#8217;agit pas de faire de la <em>m\u00e9thode Cou\u00e9<\/em> en l&#8217;occultant compl\u00e8tement, mais il s&#8217;agit de ne pas faire d&#8217;exag\u00e9ration et de s&#8217;en tenir aux cons\u00e9quences factuelles. Il est notamment un peu facile d&#8217;attribuer \u00e0 la crise le ralentissement du march\u00e9 automobile : pour des raisons \u00e9cologiques et \u00e9conomiques (le prix de l&#8217;essence augmentant inexorablement depuis des dizaines d&#8217;ann\u00e9es), le march\u00e9 est amen\u00e9 \u00e0 se renouveler et la crise semble davantage \u00eatre un bon pr\u00e9texte. Le danger se situe aussi \u00e0 ce niveau, car la surm\u00e9diatisation de la\u00a0 crise offre une excuse en or \u00e0 de nombreux acteurs pour faire passer des plans de licenciement, d\u00e9localisations, etc. Elle offre m\u00eame une excuse pour tout \u00e9v\u00e8nement n\u00e9gatif&#8230; \u00c0 l&#8217;inverse, on pourrait mettre en avant les effets positifs \u00e0 la crise : le prix de l&#8217;essence a baiss\u00e9 (le baril de p\u00e9trole est pass\u00e9 de 150 $ \u00e0 50 $), l&#8217;envol\u00e9e des prix de l&#8217;immobilier s&#8217;est arr\u00eat\u00e9e, des aides \u00e0 l&#8217;embauche ont \u00e9t\u00e9 mises en place pour les petites entreprises, les taux d&#8217;int\u00e9r\u00eats des pr\u00eats baissent, et m\u00eame le prix de la vie est en baisse, le march\u00e9 de l&#8217;offre devant s&#8217;adapter au march\u00e9 de la demande d\u00e9sormais &#8230; frileux ! Bref, pas de quoi tomber dans la morosit\u00e9 ambiante.<\/p>\n<p>Pour conclure, la surm\u00e9diatisation de la crise est dangereuse pour l&#8217;\u00e9conomie. Afin de revenir \u00e0 une situation plus raisonnable, les m\u00e9dias, les entreprises et les individus devrait prendre la bonne r\u00e9solution d&#8217;\u00e9viter de parler de la crise \u00e0 tort et \u00e0 travers, mais de s&#8217;en tenir aux faits. Par exemple, beaucoup d&#8217;entreprises sont en pleine progression. C&#8217;est le cas d&#8217;Evolix, PME en constante croissance, et qui va sortir un beau bilan 2008 avec un chiffre d&#8217;affaires entre 200.000 et 250.000 EUR. Et qu&#8217;on ne me dise plus qu&#8217;Evolix ne conna\u00eet pas la crise, je vous r\u00e9pondrais : &#8220;La crise ? quelle crise ?&#8221;<\/p>\n","protected":false},"excerpt":{"rendered":"<p>Depuis plusieurs semaines, on a assist\u00e9 \u00e0 une d\u00e9ferlante m\u00e9diatique \u00e0 propos de la crise. \u00c0 tel point qu&#8217;un grand nombre de fran\u00e7ais a d\u00e9sormais pris l&#8217;habitude de mentionner cette fameuse crise \u00e0 tout bout de champ : &#8220;\u00e0 cause de la crise&#8221;, &#8220;malgr\u00e9 la crise&#8221;, etc. Or, il faut vraiment souligner que l&#8217;origine de [&hellip;]<\/p>\n","protected":false},"author":1,"featured_media":0,"comment_status":"open","ping_status":"closed","sticky":false,"template":"","format":"standard","meta":{"footnotes":""},"categories":[5,72],"tags":[65,66],"class_list":["post-111","post","type-post","status-publish","format-standard","hentry","category-evolix","category-french","tag-bourse","tag-economie"],"_links":{"self":[{"href":"https:\/\/gcolpart.evolix.net\/blog21\/wp-json\/wp\/v2\/posts\/111","targetHints":{"allow":["GET"]}}],"collection":[{"href":"https:\/\/gcolpart.evolix.net\/blog21\/wp-json\/wp\/v2\/posts"}],"about":[{"href":"https:\/\/gcolpart.evolix.net\/blog21\/wp-json\/wp\/v2\/types\/post"}],"author":[{"embeddable":true,"href":"https:\/\/gcolpart.evolix.net\/blog21\/wp-json\/wp\/v2\/users\/1"}],"replies":[{"embeddable":true,"href":"https:\/\/gcolpart.evolix.net\/blog21\/wp-json\/wp\/v2\/comments?post=111"}],"version-history":[{"count":7,"href":"https:\/\/gcolpart.evolix.net\/blog21\/wp-json\/wp\/v2\/posts\/111\/revisions"}],"predecessor-version":[{"id":189,"href":"https:\/\/gcolpart.evolix.net\/blog21\/wp-json\/wp\/v2\/posts\/111\/revisions\/189"}],"wp:attachment":[{"href":"https:\/\/gcolpart.evolix.net\/blog21\/wp-json\/wp\/v2\/media?parent=111"}],"wp:term":[{"taxonomy":"category","embeddable":true,"href":"https:\/\/gcolpart.evolix.net\/blog21\/wp-json\/wp\/v2\/categories?post=111"},{"taxonomy":"post_tag","embeddable":true,"href":"https:\/\/gcolpart.evolix.net\/blog21\/wp-json\/wp\/v2\/tags?post=111"}],"curies":[{"name":"wp","href":"https:\/\/api.w.org\/{rel}","templated":true}]}}