{"id":703,"date":"2014-06-23T10:05:21","date_gmt":"2014-06-23T08:05:21","guid":{"rendered":"http:\/\/gcolpart.evolix.net\/blog21\/?p=703"},"modified":"2023-06-28T01:00:04","modified_gmt":"2023-06-27T23:00:04","slug":"2004-2014-evolix-a-10-ans","status":"publish","type":"post","link":"https:\/\/gcolpart.evolix.net\/blog21\/2004-2014-evolix-a-10-ans\/","title":{"rendered":"2004-2014 : Evolix a 10 ans !"},"content":{"rendered":"<p><a href=\"https:\/\/gcolpart.evolix.net\/blog21\/wp-content\/evolix-10ans-bougies.jpg\"><img loading=\"lazy\" decoding=\"async\" class=\"aligncenter size-full wp-image-708\" alt=\"evolix-10ans-bougies\" src=\"https:\/\/gcolpart.evolix.net\/blog21\/wp-content\/evolix-10ans-bougies.jpg\" width=\"650\" height=\"335\" srcset=\"https:\/\/gcolpart.evolix.net\/blog21\/wp-content\/evolix-10ans-bougies.jpg 650w, https:\/\/gcolpart.evolix.net\/blog21\/wp-content\/evolix-10ans-bougies-300x154.jpg 300w\" sizes=\"auto, (max-width: 650px) 100vw, 650px\" \/><\/a><\/p>\n<p>2003. La pr\u00e9histoire d&#8217;Evolix. En stage \u00e0 la Ville de Marseille, l&#8217;id\u00e9e de cr\u00e9ation d&#8217;une start-up germe d\u00e9but juillet. J&#8217;ai discut\u00e9 par email de ce projet avec S\u00e9bastien Dubois (alors en stage en Ecosse) puis Maxime Keller (jeune dipl\u00f4m\u00e9). Au d\u00e9part, le but \u00e9tait un peu vague : promouvoir les Logiciels Libres aupr\u00e8s des particuliers et des entreprises. L&#8217;id\u00e9e \u00e9tait surtout ax\u00e9e sur la vente de PCs sous Linux et des services associ\u00e9s ! Le premier nom \u00e9voqu\u00e9 pour la structure \u00e0 cr\u00e9er : Prisunix&#8230; (\u00e9videmment non retenu ;-)<\/p>\n<p>2004. Coinc\u00e9 dans un local de quelques m\u00b2&nbsp; pr\u00eat\u00e9 par l&#8217;<a href=\"http:\/\/fr.wikipedia.org\/wiki\/%C3%89cole_sup%C3%A9rieure_de_m%C3%A9canique_de_Marseille\">ESM2<\/a>, avec un contrat de stage trafiqu\u00e9 (il y a prescription), je n&#8217;imaginais pas encore que 10 ans plus tard on serait une belle \u00e9quipe de 8 personnes dans 170 m\u00b2 de bureaux lou\u00e9s \u00e0 la Ville de Marseille. Le PC bas de gamme en guise de serveur qui tournait 24h\/24 dans ma chambre \u00e9tait loin de notre actuelle infrastructure multi-datacenters. Le chiffre d&#8217;affaires annuel de 7500\u20ac, 100 fois moins \u00e9lev\u00e9 qu&#8217;aujourd&#8217;hui. Apr\u00e8s avoir vendu quelques PCs sous Linux (les fameux <a href=\"http:\/\/www.evolix.fr\/materiel\/evopc1\/\">EvoPC<\/a> et <a href=\"http:\/\/www.evolix.fr\/materiel\/evoportable1\/\">EvoPortable<\/a> vendus en quelques exemplaires), on a rapidement trouv\u00e9 un vrai march\u00e9 : l&#8217;infog\u00e9rance de serveurs Linux pour entreprises.<\/p>\n<p>2014. De nombreux d\u00e9fis relev\u00e9s plus tard, on prend un peu de temps pour se retourner sur ces ann\u00e9es pass\u00e9es. Notre activit\u00e9 d&#8217;infog\u00e9rance s&#8217;est d\u00e9velopp\u00e9e, elle concerne d\u00e9sormais 400 serveurs Linux\/BSD pour une centaine de clients. En compl\u00e9ment, nous avons mis en place une solide offre d&#8217;h\u00e9bergement. En fait, on n&#8217;est plus vraiment une start-up, m\u00eame si l&#8217;on en a gard\u00e9 les c\u00f4t\u00e9s positifs (souplesse, ambiance de travail). Mais ce qui n&#8217;a pas chang\u00e9 depuis nos d\u00e9buts : notre motivation et notre passion ! On a f\u00eat\u00e9 nos 10 ans avec nos clients, partenaires et amis lors de <a href=\"http:\/\/10ans.evolix.com\/#soiree\">notre soir\u00e9e anniversaire<\/a>.<\/p>\n<p>2024. Projection dans le futur. Evolix a ouvert un \u00e9tablissement \u00e0 Paris et une succursale \u00e0 Montr\u00e9al. C&#8217;est d\u00e9sormais une \u00e9quipe de 20 personnes r\u00e9parties entre Marseille\/Paris\/Montr\u00e9al, permettant un d\u00e9veloppement international et une infog\u00e9rance continue 24h\/24. La plupart des serveurs sont d\u00e9sormais assembl\u00e9s par Evolix, avec des bo\u00eetiers r\u00e9alis\u00e9s avec une imprimante 3D, et install\u00e9s dans l&#8217;un des points de pr\u00e9sence d&#8217;Evolix en datacenter. La soir\u00e9e pour f\u00eater nos 20 ans se passera cette fois sur le toit du Mucem \u00e0 Marseille !<\/p>\n","protected":false},"excerpt":{"rendered":"<p>2003. La pr\u00e9histoire d&#8217;Evolix. En stage \u00e0 la Ville de Marseille, l&#8217;id\u00e9e de cr\u00e9ation d&#8217;une start-up germe d\u00e9but juillet. J&#8217;ai discut\u00e9 par email de ce projet avec S\u00e9bastien Dubois (alors en stage en Ecosse) puis Maxime Keller (jeune dipl\u00f4m\u00e9). Au d\u00e9part, le but \u00e9tait un peu vague : promouvoir les Logiciels Libres aupr\u00e8s des particuliers [&hellip;]<\/p>\n","protected":false},"author":1,"featured_media":0,"comment_status":"open","ping_status":"closed","sticky":false,"template":"","format":"standard","meta":{"footnotes":""},"categories":[5,72],"tags":[],"class_list":["post-703","post","type-post","status-publish","format-standard","hentry","category-evolix","category-french"],"_links":{"self":[{"href":"https:\/\/gcolpart.evolix.net\/blog21\/wp-json\/wp\/v2\/posts\/703","targetHints":{"allow":["GET"]}}],"collection":[{"href":"https:\/\/gcolpart.evolix.net\/blog21\/wp-json\/wp\/v2\/posts"}],"about":[{"href":"https:\/\/gcolpart.evolix.net\/blog21\/wp-json\/wp\/v2\/types\/post"}],"author":[{"embeddable":true,"href":"https:\/\/gcolpart.evolix.net\/blog21\/wp-json\/wp\/v2\/users\/1"}],"replies":[{"embeddable":true,"href":"https:\/\/gcolpart.evolix.net\/blog21\/wp-json\/wp\/v2\/comments?post=703"}],"version-history":[{"count":12,"href":"https:\/\/gcolpart.evolix.net\/blog21\/wp-json\/wp\/v2\/posts\/703\/revisions"}],"predecessor-version":[{"id":917,"href":"https:\/\/gcolpart.evolix.net\/blog21\/wp-json\/wp\/v2\/posts\/703\/revisions\/917"}],"wp:attachment":[{"href":"https:\/\/gcolpart.evolix.net\/blog21\/wp-json\/wp\/v2\/media?parent=703"}],"wp:term":[{"taxonomy":"category","embeddable":true,"href":"https:\/\/gcolpart.evolix.net\/blog21\/wp-json\/wp\/v2\/categories?post=703"},{"taxonomy":"post_tag","embeddable":true,"href":"https:\/\/gcolpart.evolix.net\/blog21\/wp-json\/wp\/v2\/tags?post=703"}],"curies":[{"name":"wp","href":"https:\/\/api.w.org\/{rel}","templated":true}]}}