{"id":821,"date":"2019-06-05T15:57:33","date_gmt":"2019-06-05T13:57:33","guid":{"rendered":"http:\/\/gcolpart.evolix.net\/blog21\/?p=821"},"modified":"2023-06-28T00:47:56","modified_gmt":"2023-06-27T22:47:56","slug":"mini-debconf-marseille-2019-fr","status":"publish","type":"post","link":"https:\/\/gcolpart.evolix.net\/blog21\/mini-debconf-marseille-2019-fr\/","title":{"rendered":"Mini-DebConf Marseille 2019 (fr)"},"content":{"rendered":"\n<figure class=\"wp-block-image\"><img loading=\"lazy\" decoding=\"async\" width=\"1024\" height=\"481\" src=\"https:\/\/gcolpart.evolix.net\/blog21\/wp-content\/minidebconfmrs19_group-photo-up-light-1024x481.jpg\" alt=\"\" class=\"wp-image-854\" srcset=\"https:\/\/gcolpart.evolix.net\/blog21\/wp-content\/minidebconfmrs19_group-photo-up-light.jpg 1024w, https:\/\/gcolpart.evolix.net\/blog21\/wp-content\/minidebconfmrs19_group-photo-up-light-300x141.jpg 300w, https:\/\/gcolpart.evolix.net\/blog21\/wp-content\/minidebconfmrs19_group-photo-up-light-768x361.jpg 768w\" sizes=\"auto, (max-width: 1024px) 100vw, 1024px\" \/><\/figure>\n\n\n\n<p>L&#8217;id\u00e9e d&#8217;organiser une mini-DebConf \u00e0 Marseille est n\u00e9e \u00e0 <a href=\"https:\/\/wiki.debian.org\/DebianEvents\/fr\/2017\/Toulouse\">Toulouse en 2017<\/a> : apr\u00e8s avoir particip\u00e9 avec plaisir \u00e0 plusieurs (mini)DebConfs, se lancer dans l&#8217;organisation d&#8217;un tel \u00e9v\u00e8nement est une mani\u00e8re de rendre la pareille et de contribuer \u00e0 Debian !<\/p>\n\n\n\n<p>Fin 2018, apr\u00e8s avoir r\u00e9uni les personnes motiv\u00e9es, nous avons choisi la date du 25\/26 mai 2019 et dimensionner l&#8217;\u00e9v\u00e8nement pour 50 \u00e0 70 personnes en s\u00e9lectionnant un lieu appropri\u00e9 au centre-ville de Marseille. Je ne vais pas m&#8217;attarder ici sur d\u00e9tails de l&#8217;organisation (appel \u00e0 conf\u00e9rences, enregistrement des participants, composition du programme etc.), car nous allons publier bient\u00f4t un \u00ab Howto Organizing a mini-DebConf \u00bb pour partager notre exp\u00e9rience.<\/p>\n\n\n\n<p>Tout a commenc\u00e9 d\u00e8s le mercredi 22 mai, o\u00f9 la formidable <a href=\"https:\/\/wiki.debian.org\/Teams\/DebConf\/Video\">\u00e9quipe vid\u00e9o DebConf<\/a> s&#8217;est r\u00e9unie pour un sprint de 3 jours pour pr\u00e9parer la couverture de l&#8217;\u00e9v\u00e9nement avec le mat\u00e9riel d\u00e9j\u00e0 arriv\u00e9 et former les membres qui g\u00e8reront le mat\u00e9riel pour la <a href=\"https:\/\/wiki.debian.org\/DebianEvents\/de\/2019\/MiniDebConfHamburg\">mini-DebConf Hambourg<\/a>.<\/p>\n\n\n\n<figure class=\"wp-block-image\"><img loading=\"lazy\" decoding=\"async\" width=\"1024\" height=\"768\" src=\"https:\/\/gcolpart.evolix.net\/blog21\/wp-content\/minidebconfmrs19_equipe-video-1024x768.jpg\" alt=\"\" class=\"wp-image-832\" srcset=\"https:\/\/gcolpart.evolix.net\/blog21\/wp-content\/minidebconfmrs19_equipe-video.jpg 1024w, https:\/\/gcolpart.evolix.net\/blog21\/wp-content\/minidebconfmrs19_equipe-video-300x225.jpg 300w, https:\/\/gcolpart.evolix.net\/blog21\/wp-content\/minidebconfmrs19_equipe-video-768x576.jpg 768w\" sizes=\"auto, (max-width: 1024px) 100vw, 1024px\" \/><\/figure>\n\n\n\n<p>Vendredi 24 mai, <a href=\"https:\/\/wiki.debian.org\/fr\/L10n\/French\">l&#8217;\u00e9quipe de traduction francophone de Debian<\/a> est arriv\u00e9e pour un sprint d&#8217;une journ\u00e9e. La plupart d&#8217;entre eux ne s&#8217;\u00e9tait jamais rencontr\u00e9 physiquement !<\/p>\n\n\n\n<figure class=\"wp-block-image\"><img loading=\"lazy\" decoding=\"async\" width=\"1024\" height=\"768\" src=\"https:\/\/gcolpart.evolix.net\/blog21\/wp-content\/minidebconfmrs19_equipe-localisation-1024x768.jpg\" alt=\"\" class=\"wp-image-827\" srcset=\"https:\/\/gcolpart.evolix.net\/blog21\/wp-content\/minidebconfmrs19_equipe-localisation.jpg 1024w, https:\/\/gcolpart.evolix.net\/blog21\/wp-content\/minidebconfmrs19_equipe-localisation-300x225.jpg 300w, https:\/\/gcolpart.evolix.net\/blog21\/wp-content\/minidebconfmrs19_equipe-localisation-768x576.jpg 768w\" sizes=\"auto, (max-width: 1024px) 100vw, 1024px\" \/><\/figure>\n\n\n\n<p>Une majeure partie des participants sont arriv\u00e9s dans l&#8217;apr\u00e8s-midi du vendredi 24 mai. Le bureau d&#8217;accueil (Front-Desk) \u00e9tait d\u00e9j\u00e0 pr\u00eat, et les arrivants ont pu r\u00e9cup\u00e9rer leur badge et un T-shirt de l&#8217;\u00e9v\u00e9nement. Pour des raisons \u00e9cologiques, nous avions d\u00e9cid\u00e9 de minimiser les goodies offerts au participants donc pas de sacs ou papiers superflus, mais un <a href=\"https:\/\/minidebconf-mrs.debian.net\/booklet2.pdf\">booklet<\/a> distribu\u00e9 en amont. Si besoin, des goodies Debian (stickers, casquettes, polos, etc.) \u00e9taient aussi en vente au Front-Desk.<\/p>\n\n\n\n<figure class=\"wp-block-image\"><img loading=\"lazy\" decoding=\"async\" width=\"1024\" height=\"768\" src=\"https:\/\/gcolpart.evolix.net\/blog21\/wp-content\/minidebconfmrs19_front-desk-1024x768.jpg\" alt=\"\" class=\"wp-image-829\" srcset=\"https:\/\/gcolpart.evolix.net\/blog21\/wp-content\/minidebconfmrs19_front-desk.jpg 1024w, https:\/\/gcolpart.evolix.net\/blog21\/wp-content\/minidebconfmrs19_front-desk-300x225.jpg 300w, https:\/\/gcolpart.evolix.net\/blog21\/wp-content\/minidebconfmrs19_front-desk-768x576.jpg 768w\" sizes=\"auto, (max-width: 1024px) 100vw, 1024px\" \/><\/figure>\n\n\n\n<p>La soir\u00e9e de vendredi a d\u00e9but\u00e9 avec un mini-<a href=\"https:\/\/wiki.debconf.org\/wiki\/DebConf17\/CheeseWineBoF\">CheeseWineBOF<\/a> avec des denr\u00e9es locales (fromages, vins, pastis, olives, fruits et l\u00e9gumes) et apport\u00e9es par des participant(e)s : merci \u00e0 <em>Valhalla<\/em> pour fromage italien, ainsi qu&#8217;\u00e0 <em>Urbec<\/em> et <em>Tzafrir<\/em> !<\/p>\n\n\n\n<figure class=\"wp-block-image\"><img loading=\"lazy\" decoding=\"async\" width=\"1024\" height=\"768\" src=\"https:\/\/gcolpart.evolix.net\/blog21\/wp-content\/minidebconfmrs19_cheesewineBOF-1024x768.jpg\" alt=\"\" class=\"wp-image-835\" srcset=\"https:\/\/gcolpart.evolix.net\/blog21\/wp-content\/minidebconfmrs19_cheesewineBOF.jpg 1024w, https:\/\/gcolpart.evolix.net\/blog21\/wp-content\/minidebconfmrs19_cheesewineBOF-300x225.jpg 300w, https:\/\/gcolpart.evolix.net\/blog21\/wp-content\/minidebconfmrs19_cheesewineBOF-768x576.jpg 768w\" sizes=\"auto, (max-width: 1024px) 100vw, 1024px\" \/><\/figure>\n\n\n\n<p>La soir\u00e9e de vendredi s&#8217;est poursuivie : pendant que l&#8217;\u00e9quipe vid\u00e9o finalisait son installation dans la salle de conf\u00e9rence, les participants ont \u00e9t\u00e9 invit\u00e9s \u00e0 une r\u00e9union du <a href=\"https:\/\/plugfr.org\/reunions\/24-mai-2019\/\">Linux Users Group de Marseille<\/a> : une pr\u00e9sentation de <a href=\"https:\/\/fr.wikipedia.org\/wiki\/Florence_Devouard\">Florence Devouard<\/a>, pionni\u00e8re de Wikip\u00e9dia, qui est revenue l&#8217;historique de Wikip\u00e9dia\/Wikim\u00e9dia avec de nombreuses anecdotes. La soir\u00e9e s&#8217;est achev\u00e9e avec une tradition locale : la d\u00e9gustation de pizzas marseillaises. Le week-end n&#8217;est pas encore commenc\u00e9, et d\u00e9j\u00e0 de bons moments sont partag\u00e9s entre les participants !<\/p>\n\n\n\n<figure class=\"wp-block-image\"><img loading=\"lazy\" decoding=\"async\" width=\"1024\" height=\"768\" src=\"https:\/\/gcolpart.evolix.net\/blog21\/wp-content\/minidebconfmrs19_plug-1024x768.jpg\" alt=\"\" class=\"wp-image-831\" srcset=\"https:\/\/gcolpart.evolix.net\/blog21\/wp-content\/minidebconfmrs19_plug.jpg 1024w, https:\/\/gcolpart.evolix.net\/blog21\/wp-content\/minidebconfmrs19_plug-300x225.jpg 300w, https:\/\/gcolpart.evolix.net\/blog21\/wp-content\/minidebconfmrs19_plug-768x576.jpg 768w\" sizes=\"auto, (max-width: 1024px) 100vw, 1024px\" \/><\/figure>\n\n\n\n<p>Samedi matin, c&#8217;\u00e9tait le coup d&#8217;envoi officiel de la mini-DebConf ! Ouverture des portes \u00e0 8h30 pour le petit d\u00e9jeuner : cookies fait-maison, caf\u00e9 en grains, nous avons propos\u00e9 durant tout le week-end de la cuisine locale, fait-main et v\u00e9g\u00e9tarienne. Autre objectif : minimiser les d\u00e9chets, et dans cette optique nous avons r\u00e9fl\u00e9chi \u00e0 diff\u00e9rents dispositifs : couverts en dur, tasses \u00e0 \u00e9tiqueter, Ecocups, etc.<\/p>\n\n\n\n<figure class=\"wp-block-image\"><img loading=\"lazy\" decoding=\"async\" width=\"1024\" height=\"768\" src=\"https:\/\/gcolpart.evolix.net\/blog21\/wp-content\/minidebconfmrs19_mugs-garden-1024x768.jpg\" alt=\"\" class=\"wp-image-836\" srcset=\"https:\/\/gcolpart.evolix.net\/blog21\/wp-content\/minidebconfmrs19_mugs-garden.jpg 1024w, https:\/\/gcolpart.evolix.net\/blog21\/wp-content\/minidebconfmrs19_mugs-garden-300x225.jpg 300w, https:\/\/gcolpart.evolix.net\/blog21\/wp-content\/minidebconfmrs19_mugs-garden-768x576.jpg 768w\" sizes=\"auto, (max-width: 1024px) 100vw, 1024px\" \/><\/figure>\n\n\n\n<p>75 participants s&#8217;\u00e9taient inscrits, ce qui correspondait au maximum de la capacit\u00e9 du lieu. Et 73 sont effectivement venus, ce qui est un bel exploit, notamment pour une conf\u00e9rence totalement gratuite. Si l&#8217;on compte quelques participants non-inscrits, nous avons \u00e9t\u00e9 au total plus de 75 participants, soit au-del\u00e0 de nos esp\u00e9rances !<\/p>\n\n\n\n<p>\u00c0 9h45, c&#8217;est la <a href=\"https:\/\/gensho.ftp.acc.umu.se\/pub\/debian-meetings\/2019\/miniconf-marseille\/2019-05-25\/welcome.webm\">conf\u00e9rence d&#8217;ouverture<\/a> ! J\u00e9r\u00e9my d\u00e9roule le programme du week-end, remercie les sponsors et rappelle le Code of Conduct, le syst\u00e8me d&#8217;autorisations pour les photos, etc.<\/p>\n\n\n\n<figure class=\"wp-block-image\"><img loading=\"lazy\" decoding=\"async\" width=\"1024\" height=\"768\" src=\"https:\/\/gcolpart.evolix.net\/blog21\/wp-content\/minidebconfmrs19_welcome-1024x768.jpg\" alt=\"\" class=\"wp-image-837\" srcset=\"https:\/\/gcolpart.evolix.net\/blog21\/wp-content\/minidebconfmrs19_welcome.jpg 1024w, https:\/\/gcolpart.evolix.net\/blog21\/wp-content\/minidebconfmrs19_welcome-300x225.jpg 300w, https:\/\/gcolpart.evolix.net\/blog21\/wp-content\/minidebconfmrs19_welcome-768x576.jpg 768w\" sizes=\"auto, (max-width: 1024px) 100vw, 1024px\" \/><\/figure>\n\n\n\n<p>\u00c0 10h, c&#8217;est parti pour la premi\u00e8re conf\u00e9rence ! Les choses s\u00e9rieuses d\u00e9butent : <a href=\"https:\/\/gemmei.ftp.acc.umu.se\/pub\/debian-meetings\/2019\/miniconf-marseille\/2019-05-25\/testing_migration.webm\">Cyril Brulebois &#8211; release manager du Debian Installer &#8211; d\u00e9taille le fonctionnement de la migration d&#8217;un package vers Testing<\/a>, et propose une solution pour visualiser les d\u00e9pendances entre les packages et comprendre ainsi pourquoi un package peut \u00eatre bloqu\u00e9.<\/p>\n\n\n\n<figure class=\"wp-block-image\"><img loading=\"lazy\" decoding=\"async\" width=\"1024\" height=\"768\" src=\"https:\/\/gcolpart.evolix.net\/blog21\/wp-content\/minidebconfmrs19_testing-migration-1024x768.jpg\" alt=\"\" class=\"wp-image-838\" srcset=\"https:\/\/gcolpart.evolix.net\/blog21\/wp-content\/minidebconfmrs19_testing-migration.jpg 1024w, https:\/\/gcolpart.evolix.net\/blog21\/wp-content\/minidebconfmrs19_testing-migration-300x225.jpg 300w, https:\/\/gcolpart.evolix.net\/blog21\/wp-content\/minidebconfmrs19_testing-migration-768x576.jpg 768w\" sizes=\"auto, (max-width: 1024px) 100vw, 1024px\" \/><\/figure>\n\n\n\n<p>On encha\u00eene ensuite avec <a href=\"https:\/\/ftp.acc.umu.se\/pub\/debian-meetings\/2019\/miniconf-marseille\/2019-05-25\/autoforwardportergit.webm\">Peter Green &#8211; co-fondateur du projet Raspbian &#8211; qui pr\u00e9sente l&#8217;outil autoforwardportergit<\/a> qu&#8217;il utilise pour automatiser la cr\u00e9ation de packages Debian modifi\u00e9s pour Raspbian.<\/p>\n\n\n\n<figure class=\"wp-block-image\"><img loading=\"lazy\" decoding=\"async\" width=\"1024\" height=\"768\" src=\"https:\/\/gcolpart.evolix.net\/blog21\/wp-content\/minidebconfmrs19_peter-green-1024x768.jpg\" alt=\"\" class=\"wp-image-824\" srcset=\"https:\/\/gcolpart.evolix.net\/blog21\/wp-content\/minidebconfmrs19_peter-green.jpg 1024w, https:\/\/gcolpart.evolix.net\/blog21\/wp-content\/minidebconfmrs19_peter-green-300x225.jpg 300w, https:\/\/gcolpart.evolix.net\/blog21\/wp-content\/minidebconfmrs19_peter-green-768x576.jpg 768w\" sizes=\"auto, (max-width: 1024px) 100vw, 1024px\" \/><\/figure>\n\n\n\n<p>Apr\u00e8s une pause-caf\u00e9, c&#8217;est <a href=\"https:\/\/ftp.acc.umu.se\/pub\/debian-meetings\/2019\/miniconf-marseille\/2019-05-25\/5_years_lts_funding.webm\">Rapha\u00ebl Hertzog qui revient sur 5 ans du projet Debian LTS (Long Term Support)<\/a>. Il explique l&#8217;historique ainsi que le fonctionnement : la gestion des sponsors, le travail r\u00e9parti entre plusieurs d\u00e9veloppeurs, l&#8217;offre extended LTS, l&#8217;infrastructure. Le sujet du financement des contributeurs provoquera plusieurs questions et suscitera un Lightning Talk sur le sujet dimanche matin.<\/p>\n\n\n\n<figure class=\"wp-block-image\"><img loading=\"lazy\" decoding=\"async\" width=\"1024\" height=\"768\" src=\"https:\/\/gcolpart.evolix.net\/blog21\/wp-content\/minidebconfmrs19_5years-lts-1024x768.jpg\" alt=\"\" class=\"wp-image-839\" srcset=\"https:\/\/gcolpart.evolix.net\/blog21\/wp-content\/minidebconfmrs19_5years-lts.jpg 1024w, https:\/\/gcolpart.evolix.net\/blog21\/wp-content\/minidebconfmrs19_5years-lts-300x225.jpg 300w, https:\/\/gcolpart.evolix.net\/blog21\/wp-content\/minidebconfmrs19_5years-lts-768x576.jpg 768w\" sizes=\"auto, (max-width: 1024px) 100vw, 1024px\" \/><\/figure>\n\n\n\n<p>Durant le midi, pendant que l&#8217;infatiguable \u00e9quipe vid\u00e9o forme des d\u00e9butants \u00e0 ses outils, un d\u00e9jeuner est servi sous forme de buffet v\u00e9g\u00e9talien ou v\u00e9g\u00e9tarien. Nous sommes fiers d&#8217;avoir r\u00e9ussi \u00e0 offrir une cuisine fait-maison avec des produits frais et locaux, et sans g\u00e2chis gr\u00e2ce \u00e0 une bonne gestion des quantit\u00e9s. <\/p>\n\n\n\n<figure class=\"wp-block-image\"><img loading=\"lazy\" decoding=\"async\" width=\"1024\" height=\"768\" src=\"https:\/\/gcolpart.evolix.net\/blog21\/wp-content\/minidebconfmrs19_lunch-1024x768.jpg\" alt=\"\" class=\"wp-image-840\" srcset=\"https:\/\/gcolpart.evolix.net\/blog21\/wp-content\/minidebconfmrs19_lunch.jpg 1024w, https:\/\/gcolpart.evolix.net\/blog21\/wp-content\/minidebconfmrs19_lunch-300x225.jpg 300w, https:\/\/gcolpart.evolix.net\/blog21\/wp-content\/minidebconfmrs19_lunch-768x576.jpg 768w\" sizes=\"auto, (max-width: 1024px) 100vw, 1024px\" \/><\/figure>\n\n\n\n<p>Apr\u00e8s le d\u00e9jeuner, c&#8217;est l&#8217;heure de la <a href=\"https:\/\/wiki.debian.org\/DebianEvents\/fr\/2019\/Marseille\/KSP\">KSP (Key Signing Party)<\/a> organis\u00e9e par Beno\u00eet. L&#8217;occasion pour chacun d&#8217;\u00e9changer des signatures de cl\u00e9s GPG et de renforcer le r\u00e9seau de confiance.<\/p>\n\n\n\n<figure class=\"wp-block-image\"><img loading=\"lazy\" decoding=\"async\" width=\"1024\" height=\"768\" src=\"https:\/\/gcolpart.evolix.net\/blog21\/wp-content\/minidebconfmrs19_ksp-1024x768.jpg\" alt=\"\" class=\"wp-image-842\" srcset=\"https:\/\/gcolpart.evolix.net\/blog21\/wp-content\/minidebconfmrs19_ksp.jpg 1024w, https:\/\/gcolpart.evolix.net\/blog21\/wp-content\/minidebconfmrs19_ksp-300x225.jpg 300w, https:\/\/gcolpart.evolix.net\/blog21\/wp-content\/minidebconfmrs19_ksp-768x576.jpg 768w\" sizes=\"auto, (max-width: 1024px) 100vw, 1024px\" \/><\/figure>\n\n\n\n<p>Et l&#8217;on repart pour un cycle de conf\u00e9rences, avec <a href=\"https:\/\/ftp.acc.umu.se\/pub\/debian-meetings\/2019\/miniconf-marseille\/2019-05-25\/activitypub.webm\">Elena &#8220;of Valhalla&#8221; Grandi qui pr\u00e9sente le protocole ActivityPub<\/a> pour des r\u00e9seaux sociaux f\u00e9d\u00e9r\u00e9s comme Mastodon, Pixelfed, etc.<\/p>\n\n\n\n<figure class=\"wp-block-image\"><img loading=\"lazy\" decoding=\"async\" width=\"1024\" height=\"768\" src=\"https:\/\/gcolpart.evolix.net\/blog21\/wp-content\/minidebconfmrs19_activitypub-1024x768.jpg\" alt=\"\" class=\"wp-image-843\" srcset=\"https:\/\/gcolpart.evolix.net\/blog21\/wp-content\/minidebconfmrs19_activitypub.jpg 1024w, https:\/\/gcolpart.evolix.net\/blog21\/wp-content\/minidebconfmrs19_activitypub-300x225.jpg 300w, https:\/\/gcolpart.evolix.net\/blog21\/wp-content\/minidebconfmrs19_activitypub-768x576.jpg 768w\" sizes=\"auto, (max-width: 1024px) 100vw, 1024px\" \/><\/figure>\n\n\n\n<p>C&#8217;est au tour de <a href=\"https:\/\/ftp.acc.umu.se\/pub\/debian-meetings\/2019\/miniconf-marseille\/2019-05-25\/welcome_team.webm\">Laura Arjona Reina venue de Madrid pour pr\u00e9senter la Welcome Team au sein de Debian<\/a> qui \u0153uvre pour accueillir les nouveaux arrivants.<\/p>\n\n\n\n<figure class=\"wp-block-image\"><img loading=\"lazy\" decoding=\"async\" width=\"1024\" height=\"678\" src=\"https:\/\/gcolpart.evolix.net\/blog21\/wp-content\/minidebconfmrs19_welcome-team-1024x678.jpg\" alt=\"\" class=\"wp-image-844\" srcset=\"https:\/\/gcolpart.evolix.net\/blog21\/wp-content\/minidebconfmrs19_welcome-team.jpg 1024w, https:\/\/gcolpart.evolix.net\/blog21\/wp-content\/minidebconfmrs19_welcome-team-300x199.jpg 300w, https:\/\/gcolpart.evolix.net\/blog21\/wp-content\/minidebconfmrs19_welcome-team-768x509.jpg 768w\" sizes=\"auto, (max-width: 1024px) 100vw, 1024px\" \/><\/figure>\n\n\n\n<p>Ensuite, <a href=\"https:\/\/ftp.acc.umu.se\/pub\/debian-meetings\/2019\/miniconf-marseille\/2019-05-25\/debian_france.webm\">Denis Briand &#8211; fra\u00eechement \u00e9lu pr\u00e9sident de Debian France &#8211; nous parle de l&#8217;association Debian France<\/a>, de son but, de ses actions et de ses projets.<\/p>\n\n\n\n<figure class=\"wp-block-image\"><img loading=\"lazy\" decoding=\"async\" width=\"1024\" height=\"678\" src=\"https:\/\/gcolpart.evolix.net\/blog21\/wp-content\/minidebconfmrs19_debian-france-1024x678.jpg\" alt=\"\" class=\"wp-image-845\" srcset=\"https:\/\/gcolpart.evolix.net\/blog21\/wp-content\/minidebconfmrs19_debian-france.jpg 1024w, https:\/\/gcolpart.evolix.net\/blog21\/wp-content\/minidebconfmrs19_debian-france-300x199.jpg 300w, https:\/\/gcolpart.evolix.net\/blog21\/wp-content\/minidebconfmrs19_debian-france-768x509.jpg 768w\" sizes=\"auto, (max-width: 1024px) 100vw, 1024px\" \/><\/figure>\n\n\n\n<p>C&#8217;est au tour de <a href=\"https:\/\/ftp.acc.umu.se\/pub\/debian-meetings\/2019\/miniconf-marseille\/2019-05-25\/hardening.webm\">Fr\u00e9d\u00e9ric Lenquette d&#8217;aborder le sujet \u00ab Hardening and Secure Debian Buster \u00bb<\/a> en explorant toutes les possibilit\u00e9s de s\u00e9curisation d&#8217;une Debian 10.<\/p>\n\n\n\n<figure class=\"wp-block-image\"><img loading=\"lazy\" decoding=\"async\" width=\"1024\" height=\"768\" src=\"https:\/\/gcolpart.evolix.net\/blog21\/wp-content\/minidebconfmrs19_hardening-buster-1024x768.jpg\" alt=\"\" class=\"wp-image-846\" srcset=\"https:\/\/gcolpart.evolix.net\/blog21\/wp-content\/minidebconfmrs19_hardening-buster.jpg 1024w, https:\/\/gcolpart.evolix.net\/blog21\/wp-content\/minidebconfmrs19_hardening-buster-300x225.jpg 300w, https:\/\/gcolpart.evolix.net\/blog21\/wp-content\/minidebconfmrs19_hardening-buster-768x576.jpg 768w\" sizes=\"auto, (max-width: 1024px) 100vw, 1024px\" \/><\/figure>\n\n\n\n<p>Enfin, derni\u00e8re conf\u00e9rence de la journ\u00e9e de samedi : <a href=\"https:\/\/ftp.acc.umu.se\/pub\/debian-meetings\/2019\/miniconf-marseille\/2019-05-25\/french_localization.webm\">une partie de l&#8217;\u00e9quipe de traduction francophone (Thomas Vincent, Jean-Philippe Mengual and Alban Vidal) pr\u00e9sente son travail<\/a> : comment fonctionne le travail en \u00e9quipe, quelles t\u00e2ches peuvent \u00eatre faites par des d\u00e9butants, etc.<\/p>\n\n\n\n<figure class=\"wp-block-image\"><img loading=\"lazy\" decoding=\"async\" width=\"1024\" height=\"768\" src=\"https:\/\/gcolpart.evolix.net\/blog21\/wp-content\/minidebconfmrs19_french-localization-1024x768.jpg\" alt=\"\" class=\"wp-image-847\" srcset=\"https:\/\/gcolpart.evolix.net\/blog21\/wp-content\/minidebconfmrs19_french-localization.jpg 1024w, https:\/\/gcolpart.evolix.net\/blog21\/wp-content\/minidebconfmrs19_french-localization-300x225.jpg 300w, https:\/\/gcolpart.evolix.net\/blog21\/wp-content\/minidebconfmrs19_french-localization-768x576.jpg 768w\" sizes=\"auto, (max-width: 1024px) 100vw, 1024px\" \/><\/figure>\n\n\n\n<p>Samedi soir, fin de la premi\u00e8re journ\u00e9e : tous les participants sont invit\u00e9s \u00e0 prolonger les \u00e9changes \u00e0 <a href=\"http:\/\/la-cane-biere.fr\/\">la Cane Bi\u00e8re<\/a>, un bar proche de la mini-DebConf.<\/p>\n\n\n\n<figure class=\"wp-block-image\"><img loading=\"lazy\" decoding=\"async\" width=\"1024\" height=\"768\" src=\"https:\/\/gcolpart.evolix.net\/blog21\/wp-content\/minidebconfmrs19_social-event-1024x768.jpg\" alt=\"\" class=\"wp-image-848\" srcset=\"https:\/\/gcolpart.evolix.net\/blog21\/wp-content\/minidebconfmrs19_social-event.jpg 1024w, https:\/\/gcolpart.evolix.net\/blog21\/wp-content\/minidebconfmrs19_social-event-300x225.jpg 300w, https:\/\/gcolpart.evolix.net\/blog21\/wp-content\/minidebconfmrs19_social-event-768x576.jpg 768w\" sizes=\"auto, (max-width: 1024px) 100vw, 1024px\" \/><\/figure>\n\n\n\n<p>Dimanche matin, on repart avec <a href=\"https:\/\/ftp.acc.umu.se\/pub\/debian-meetings\/2019\/miniconf-marseille\/2019-05-26\/videoteam_explained.webm\">une pr\u00e9sentation de l&#8217;\u00e9quipe vid\u00e9o (repr\u00e9sent\u00e9e par Nicolas Dandrimont et Louis-Philippe V\u00e9ronneau) qui r\u00e9v\u00e8le ses secrets pour assurer la couverture vid\u00e9o des (mini)DebConfs<\/a> !<\/p>\n\n\n\n<figure class=\"wp-block-image\"><img loading=\"lazy\" decoding=\"async\" width=\"1024\" height=\"768\" src=\"https:\/\/gcolpart.evolix.net\/blog21\/wp-content\/minidebconfmrs19_video-team-1024x768.jpg\" alt=\"\" class=\"wp-image-849\" srcset=\"https:\/\/gcolpart.evolix.net\/blog21\/wp-content\/minidebconfmrs19_video-team.jpg 1024w, https:\/\/gcolpart.evolix.net\/blog21\/wp-content\/minidebconfmrs19_video-team-300x225.jpg 300w, https:\/\/gcolpart.evolix.net\/blog21\/wp-content\/minidebconfmrs19_video-team-768x576.jpg 768w\" sizes=\"auto, (max-width: 1024px) 100vw, 1024px\" \/><\/figure>\n\n\n\n<p>Puis on encha\u00eene avec <a href=\"https:\/\/ftp.acc.umu.se\/pub\/debian-meetings\/2019\/miniconf-marseille\/2019-05-26\/lightning_talks.webm\">une session de 6 Lightning Talks anim\u00e9s par Eda<\/a> : \u00ab kt-update \u00bb (Jean-Fran\u00e7ois Brucker), \u00ab the Debian Constitution \u00bb (Judit Foglszinger), \u00ab Elections, Democracy, European Union \u00bb (Thomas Koch), les m\u00e9thodes de vote de Condorcet et du Jugement Majoritaire (Rapha\u00ebl Hertzog), \u00ab encrypt the whole disk with LUKS2 \u00bb (Cyril Brulebois), \u00ab OMEMO &#8211; the big fish in the Debian bowl \u00bb (Martin) et \u00ab Paye ton Logiciel Libre \u00bb (Victor).<\/p>\n\n\n\n<figure class=\"wp-block-image\"><img loading=\"lazy\" decoding=\"async\" width=\"1024\" height=\"768\" src=\"https:\/\/gcolpart.evolix.net\/blog21\/wp-content\/minidebconfmrs19_lightning-talks-1024x768.jpg\" alt=\"\" class=\"wp-image-850\" srcset=\"https:\/\/gcolpart.evolix.net\/blog21\/wp-content\/minidebconfmrs19_lightning-talks.jpg 1024w, https:\/\/gcolpart.evolix.net\/blog21\/wp-content\/minidebconfmrs19_lightning-talks-300x225.jpg 300w, https:\/\/gcolpart.evolix.net\/blog21\/wp-content\/minidebconfmrs19_lightning-talks-768x576.jpg 768w\" sizes=\"auto, (max-width: 1024px) 100vw, 1024px\" \/><\/figure>\n\n\n\n<p>Apr\u00e8s <a href=\"https:\/\/ftp.acc.umu.se\/pub\/debian-meetings\/2019\/miniconf-marseille\/2019-05-26\/closing.webm\">quelques mots pour cl\u00f4turer les conf\u00e9rences<\/a>, c&#8217;est d\u00e9j\u00e0 l&#8217;heure du rangement pour certains, tandis que d&#8217;autres en profitent pour faire un mini-DayTrip : descendre la Canebi\u00e8re \u00e0 pied et embarquer au Vieux Port pour l&#8217;archipel du Frioul pour marcher et nager !<\/p>\n\n\n\n<figure class=\"wp-block-image\"><img loading=\"lazy\" decoding=\"async\" width=\"1024\" height=\"768\" src=\"https:\/\/gcolpart.evolix.net\/blog21\/wp-content\/minidebconfmrs19_minidaytrip-1024x768.jpg\" alt=\"\" class=\"wp-image-851\" srcset=\"https:\/\/gcolpart.evolix.net\/blog21\/wp-content\/minidebconfmrs19_minidaytrip.jpg 1024w, https:\/\/gcolpart.evolix.net\/blog21\/wp-content\/minidebconfmrs19_minidaytrip-300x225.jpg 300w, https:\/\/gcolpart.evolix.net\/blog21\/wp-content\/minidebconfmrs19_minidaytrip-768x576.jpg 768w\" sizes=\"auto, (max-width: 1024px) 100vw, 1024px\" \/><\/figure>\n\n\n\n<p>Nous remercions les 75 participant(e)s venus du monde entier (Canada, USA, Isra\u00ebl, Angleterre, Allemagne, Espagne, Suisse, Australie, Belgique etc.) ! Nous remercions \u00e9galement la fantastique \u00e9quipe vid\u00e9o qui r\u00e9alise un travail remarquable et impressionnant de qualit\u00e9. Nous remercions <a href=\"https:\/\/france.debian.net\/\">Debian France<\/a> qui a organis\u00e9 l&#8217;\u00e9v\u00e9nement, et les sponsors : <a href=\"https:\/\/bearstech.com\/\">Bearstech<\/a>, <a href=\"https:\/\/www.logilab.fr\/\">Logilab<\/a> et <a href=\"https:\/\/evolix.com\/\">Evolix<\/a>. Nous remercions la Maison du Chant de nous avoir mis \u00e0 disposition les locaux. Nous remercions Valentine et C\u00e9lia qui ont assur\u00e9 tous les repas, il y a eu de nombreux compliments. Nous remercions Florence Devouard d&#8217;avoir assur\u00e9 une belle pr\u00e9sentation vendredi soir, ainsi que tous les orateurs(ices) de la mini-DebConf. Et je tiens \u00e0 remercier tous les b\u00e9n\u00e9voles qui ont assur\u00e9 la pr\u00e9paration et le bon d\u00e9roulement de l&#8217;\u00e9v\u00e9nement : Tristan, Ana\u00efs, Beno\u00eet, Juliette, Ludovic, Jessica, \u00c9ric, Quentin F. et J\u00e9r\u00e9my D. Mention sp\u00e9ciale \u00e0 Eda, Moussa, Alban et Quentin L. pour leur implication et leur motivation, et \u00e0 Sab et J\u00e9r\u00e9my qui se sont plong\u00e9s avec moi dans cette folle aventure depuis plusieurs mois : you rock guys !<\/p>\n\n\n\n<figure class=\"wp-block-image\"><img loading=\"lazy\" decoding=\"async\" width=\"849\" height=\"1024\" src=\"https:\/\/gcolpart.evolix.net\/blog21\/wp-content\/minidebconfmrs19_thanks-849x1024.jpg\" alt=\"\" class=\"wp-image-852\" srcset=\"https:\/\/gcolpart.evolix.net\/blog21\/wp-content\/minidebconfmrs19_thanks-849x1024.jpg 849w, https:\/\/gcolpart.evolix.net\/blog21\/wp-content\/minidebconfmrs19_thanks-249x300.jpg 249w, https:\/\/gcolpart.evolix.net\/blog21\/wp-content\/minidebconfmrs19_thanks-768x926.jpg 768w, https:\/\/gcolpart.evolix.net\/blog21\/wp-content\/minidebconfmrs19_thanks.jpg 1024w\" sizes=\"auto, (max-width: 849px) 100vw, 849px\" \/><\/figure>\n\n\n\n<p>Twitter : <a href=\"https:\/\/twitter.com\/MiniDebConf_MRS\">https:\/\/twitter.com\/MiniDebConf_MRS<\/a><br \/>Mastodon : <a href=\"https:\/\/mamot.fr\/@minidebconf_mrs\">https:\/\/mamot.fr\/@minidebconf_mrs<\/a><br \/>Photos : <a href=\"https:\/\/minidebcloud.labs.evolix.org\/apps\/gallery\/s\/keMJaK5o3D384RA\">https:\/\/minidebcloud.labs.evolix.org\/apps\/gallery\/s\/keMJaK5o3D384RA<\/a><br \/>Vid\u00e9os : <a href=\"https:\/\/ftp.acc.umu.se\/pub\/debian-meetings\/2019\/miniconf-marseille\">https:\/\/ftp.acc.umu.se\/pub\/debian-meetings\/2019\/miniconf-marseille<\/a><\/p>\n","protected":false},"excerpt":{"rendered":"<p>L&#8217;id\u00e9e d&#8217;organiser une mini-DebConf \u00e0 Marseille est n\u00e9e \u00e0 Toulouse en 2017 : apr\u00e8s avoir particip\u00e9 avec plaisir \u00e0 plusieurs (mini)DebConfs, se lancer dans l&#8217;organisation d&#8217;un tel \u00e9v\u00e8nement est une mani\u00e8re de rendre la pareille et de contribuer \u00e0 Debian ! Fin 2018, apr\u00e8s avoir r\u00e9uni les personnes motiv\u00e9es, nous avons choisi la date du [&hellip;]<\/p>\n","protected":false},"author":1,"featured_media":0,"comment_status":"open","ping_status":"closed","sticky":false,"template":"","format":"standard","meta":{"footnotes":""},"categories":[9,5,72,69,8],"tags":[],"class_list":["post-821","post","type-post","status-publish","format-standard","hentry","category-debian-fr","category-evolix","category-french","category-planet-libre","category-plug"],"_links":{"self":[{"href":"https:\/\/gcolpart.evolix.net\/blog21\/wp-json\/wp\/v2\/posts\/821","targetHints":{"allow":["GET"]}}],"collection":[{"href":"https:\/\/gcolpart.evolix.net\/blog21\/wp-json\/wp\/v2\/posts"}],"about":[{"href":"https:\/\/gcolpart.evolix.net\/blog21\/wp-json\/wp\/v2\/types\/post"}],"author":[{"embeddable":true,"href":"https:\/\/gcolpart.evolix.net\/blog21\/wp-json\/wp\/v2\/users\/1"}],"replies":[{"embeddable":true,"href":"https:\/\/gcolpart.evolix.net\/blog21\/wp-json\/wp\/v2\/comments?post=821"}],"version-history":[{"count":15,"href":"https:\/\/gcolpart.evolix.net\/blog21\/wp-json\/wp\/v2\/posts\/821\/revisions"}],"predecessor-version":[{"id":911,"href":"https:\/\/gcolpart.evolix.net\/blog21\/wp-json\/wp\/v2\/posts\/821\/revisions\/911"}],"wp:attachment":[{"href":"https:\/\/gcolpart.evolix.net\/blog21\/wp-json\/wp\/v2\/media?parent=821"}],"wp:term":[{"taxonomy":"category","embeddable":true,"href":"https:\/\/gcolpart.evolix.net\/blog21\/wp-json\/wp\/v2\/categories?post=821"},{"taxonomy":"post_tag","embeddable":true,"href":"https:\/\/gcolpart.evolix.net\/blog21\/wp-json\/wp\/v2\/tags?post=821"}],"curies":[{"name":"wp","href":"https:\/\/api.w.org\/{rel}","templated":true}]}}